{"id":3646,"date":"2018-09-08T13:06:50","date_gmt":"2018-09-08T11:06:50","guid":{"rendered":"http:\/\/www.beweisaufnahme-homoeopathie.de\/?p=3646"},"modified":"2020-01-13T14:00:25","modified_gmt":"2020-01-13T13:00:25","slug":"offener-brief-an-den-patientenbeauftragten-der-bundesregierung-zur-homoeopathie","status":"publish","type":"post","link":"http:\/\/www.beweisaufnahme-homoeopathie.de\/?p=3646","title":{"rendered":"Offener Brief an den Patientenbeauftragten der Bundesregierung zur Hom\u00f6opathie"},"content":{"rendered":"<div class=\"shariff shariff-align-flex-start shariff-widget-align-flex-start\" data-services=\"facebook%7Ctwitter\" data-url=\"http%3A%2F%2Fwww.beweisaufnahme-homoeopathie.de%2F%3Fp%3D3646\" data-timestamp=\"1578924025\" data-hidezero=\"1\" data-backendurl=\"?rest_route=\/shariff\/v1\/share_counts&\"><ul class=\"shariff-buttons theme-default wcag_colors orientation-horizontal buttonsize-small\"><li class=\"shariff-button facebook shariff-nocustomcolor\" style=\"background-color:#000\"><a href=\"https:\/\/www.facebook.com\/sharer\/sharer.php?u=http%3A%2F%2Fwww.beweisaufnahme-homoeopathie.de%2F%3Fp%3D3646\" title=\"Bei Facebook teilen\" aria-label=\"Bei Facebook teilen\" role=\"button\" rel=\"nofollow\" class=\"shariff-link\" style=\"; background-color:#38548F; color:#fff\" target=\"_blank\"><span class=\"shariff-icon\" style=\"\"><svg width=\"32px\" height=\"20px\" xmlns=\"http:\/\/www.w3.org\/2000\/svg\" viewBox=\"0 0 18 32\"><path fill=\"#3b5998\" d=\"M17.1 0.2v4.7h-2.8q-1.5 0-2.1 0.6t-0.5 1.9v3.4h5.2l-0.7 5.3h-4.5v13.6h-5.5v-13.6h-4.5v-5.3h4.5v-3.9q0-3.3 1.9-5.2t5-1.8q2.6 0 4.1 0.2z\"\/><\/svg><\/span><span class=\"shariff-text\">teilen<\/span>&nbsp;<span data-service=\"facebook\" style=\"color:#38548F\" class=\"shariff-count shariff-hidezero\"><\/span>&nbsp;<\/a><\/li><li class=\"shariff-button twitter shariff-nocustomcolor\" style=\"background-color:#000\"><a href=\"https:\/\/twitter.com\/share?url=http%3A%2F%2Fwww.beweisaufnahme-homoeopathie.de%2F%3Fp%3D3646&text=Offener%20Brief%20an%20den%20Patientenbeauftragten%20der%20Bundesregierung%20zur%20Hom%C3%B6opathie\" title=\"Bei Twitter teilen\" aria-label=\"Bei Twitter teilen\" role=\"button\" rel=\"noopener nofollow\" class=\"shariff-link\" style=\"; background-color:#115A92; color:#fff\" target=\"_blank\"><span class=\"shariff-icon\" style=\"\"><svg width=\"32px\" height=\"20px\" xmlns=\"http:\/\/www.w3.org\/2000\/svg\" viewBox=\"0 0 30 32\"><path fill=\"#55acee\" d=\"M29.7 6.8q-1.2 1.8-3 3.1 0 0.3 0 0.8 0 2.5-0.7 4.9t-2.2 4.7-3.5 4-4.9 2.8-6.1 1q-5.1 0-9.3-2.7 0.6 0.1 1.5 0.1 4.3 0 7.6-2.6-2-0.1-3.5-1.2t-2.2-3q0.6 0.1 1.1 0.1 0.8 0 1.6-0.2-2.1-0.4-3.5-2.1t-1.4-3.9v-0.1q1.3 0.7 2.8 0.8-1.2-0.8-2-2.2t-0.7-2.9q0-1.7 0.8-3.1 2.3 2.8 5.5 4.5t7 1.9q-0.2-0.7-0.2-1.4 0-2.5 1.8-4.3t4.3-1.8q2.7 0 4.5 1.9 2.1-0.4 3.9-1.5-0.7 2.2-2.7 3.4 1.8-0.2 3.5-0.9z\"\/><\/svg><\/span><span class=\"shariff-text\">twittern<\/span>&nbsp;<span data-service=\"twitter\" style=\"color:#115A92\" class=\"shariff-count shariff-hidezero\"><\/span>&nbsp;<\/a><\/li><li class=\"shariff-button rss shariff-nocustomcolor\" style=\"background-color:#000\"><a href=\"http:\/\/www.beweisaufnahme-homoeopathie.de\/?feed=rss\" title=\"RSS-feed\" aria-label=\"RSS-feed\" role=\"button\" class=\"shariff-link\" style=\"; background-color:#aa2e00; color:#fff\" target=\"_blank\"><span class=\"shariff-icon\" style=\"\"><svg width=\"32px\" height=\"20px\" xmlns=\"http:\/\/www.w3.org\/2000\/svg\" viewBox=\"0 0 32 32\"><path fill=\"#fe9312\" d=\"M4.3 23.5c-2.3 0-4.3 1.9-4.3 4.3 0 2.3 1.9 4.2 4.3 4.2 2.4 0 4.3-1.9 4.3-4.2 0-2.3-1.9-4.3-4.3-4.3zM0 10.9v6.1c4 0 7.7 1.6 10.6 4.4 2.8 2.8 4.4 6.6 4.4 10.6h6.2c0-11.7-9.5-21.1-21.1-21.1zM0 0v6.1c14.2 0 25.8 11.6 25.8 25.9h6.2c0-17.6-14.4-32-32-32z\"\/><\/svg><\/span><span class=\"shariff-text\">RSS-feed<\/span>&nbsp;<\/a><\/li><\/ul><\/div><p>Dass viele Politiker der Hom\u00f6opathie nahestehen, ist so bekannt wie unerfreulich. Wenn aber der Patientenbeauftragte der Bundesregierung dies offen zum Ausdruck bringt,\u00a0 hier in einer Gru\u00dfbotschaft an den Dachverband der Hom\u00f6opathenverb\u00e4nde, dann erscheint uns eine deutliche Antwort erforderlich.<\/p>\n<p><!--more--><\/p>\n<p>Herrn<br \/>\nDr. Ralf Brauksiepe<\/p>\n<p><a href=\"http:\/\/www.beweisaufnahme-homoeopathie.de\/blog\/wp-content\/uploads\/2018\/09\/Patientenbeauftragter.png\"><img loading=\"lazy\" class=\"alignnone size-full wp-image-3649\" src=\"http:\/\/www.beweisaufnahme-homoeopathie.de\/blog\/wp-content\/uploads\/2018\/09\/Patientenbeauftragter.png\" alt=\"\" width=\"521\" height=\"181\" srcset=\"http:\/\/www.beweisaufnahme-homoeopathie.de\/blog\/wp-content\/uploads\/2018\/09\/Patientenbeauftragter.png 521w, http:\/\/www.beweisaufnahme-homoeopathie.de\/blog\/wp-content\/uploads\/2018\/09\/Patientenbeauftragter-300x104.png 300w\" sizes=\"(max-width: 521px) 100vw, 521px\" \/><\/a><\/p>\n<p>E-Mail: ralf.brauksiepe@bundestag.de<\/p>\n<p style=\"text-align: right;\">8. September 2018<\/p>\n<p><span style=\"font-family: Arial, sans-serif;\"><span style=\"font-size: medium;\"><b>Ihr Gru\u00dfwort zum 150. Geburtstag der Hahnemannia<\/b><\/span><\/span><\/p>\n<p>Sehr geehrter Herr Dr. Brauksiepe,<\/p>\n<p>Sie haben vor kurzem an die Hahnemannia, den Dachverband der hom\u00f6opathischen Vereine in Deutschland, zu deren 150. Jubil\u00e4um ein Gru\u00dfwort gerichtet. Darin \u00e4u\u00dfern Sie sich uneingeschr\u00e4nkt positiv zur Hom\u00f6opathie und ihrer Rolle in der Patientenversorgung und im \u00f6ffentlichen Gesundheitswesen. Ihr Einsatz f\u00fcr die Hom\u00f6opathie widerspricht jedoch aus unserer Sicht Ihrem Auftrag, als Patientenbeauftragter der Bundesregierung im Rahmen Ihrer Kompetenzen f\u00fcr das Wohl der Patienten und Patientinnen zu sorgen.<\/p>\n<p>Um dies zu verdeutlichen, m\u00f6chten wir Sie zu einem Gedankenexperiment einladen: Welche H\u00fcrden m\u00fcsste man \u00fcberwinden, wenn man heute eine neue Therapie in unserem Gesundheitssystem etablieren wollte? Wie w\u00fcrden Sie &#8211; und andere Entscheidungstr\u00e4ger im Gesundheitswesen &#8211; reagieren, wenn wir mit folgender Bitte auf Sie zuk\u00e4men? Erlauben Sie uns dieses kleine Gedankenspiel:<\/p>\n<p>Wir m\u00f6chten Sie bitten, uns bei der Neueinf\u00fchrung einer Therapie zu unterst\u00fctzen. Da wir diese f\u00fcr den Patienten recht angenehm gestalten wollen, sie au\u00dferdem bei allen erdenklichen Krankheiten sanft und sicher wirksam sein soll, wird sie bei den Patienten sicher bald sehr beliebt sein.<\/p>\n<p>Sie m\u00fcssten uns allerdings helfen, ein paar kleine H\u00fcrden aus dem Weg zu r\u00e4umen:<\/p>\n<ul>\n<li>Sie m\u00fcssten sich daf\u00fcr einsetzen, dass unsere neue Therapie im Gegensatz zur evidenzbasierten Medizin von jedem Wirkungsnachweis befreit wird.<\/li>\n<li>Selbstverst\u00e4ndlich m\u00fcssten die Mittel unserer Therapie trotzdem den gesetzlichen Status eines Arzneimittels erhalten, was u.a. garantieren w\u00fcrde, dass sie ausschlie\u00dflich \u00fcber Apotheken vertrieben werden. Welche Mittel im Einzelnen auf den Markt gelangen, dar\u00fcber stimmen wir, die Experten f\u00fcr die Therapie, dann selbst per Mehrheitsbeschluss ab.<\/li>\n<li>Wenn wir schon bei der Schaffung \u00f6ffentlicher Glaubw\u00fcrdigkeit sind: Es w\u00e4re nicht schlecht, wenn Sie bei den Kammern erreichen k\u00f6nnten, dass ein paar \u00c4rzte sich in unserer Therapie ausbilden lassen und dies auf ihrem Praxisschild auch dokumentieren. Die Richtlinien f\u00fcr diese Weiterbildung w\u00fcrden wir den Kammern zu gegebener Zeit zukommen lassen.<\/li>\n<li>Sie m\u00fcssten daf\u00fcr sorgen, dass das Gesundheitssystem der Bundesrepublik Deutschland eventuell entstehende internationale Stellungnahmen nicht zur Kenntnis nimmt, wonach die Wirksamkeit nicht \u00fcber Placebo hinausgeht. Wir k\u00f6nnten Ihnen sicher ein paar Studien mit passenden Ergebnissen als Argumentationshilfe liefern. Sie sollten nur davon Abstand nehmen, diese Studien Fachleuten zur Pr\u00fcfung vorzulegen.<\/li>\n<li>Sie d\u00fcrfen sich nicht daran st\u00f6ren, wenn es uns auch nach vielen Versuchen nicht gelingt, einen Nachweis daf\u00fcr vorzulegen, dass unsere Therapie auch nur bei einem einzigen Krankheitsbild wirksamer w\u00e4re als ein Placebo.<\/li>\n<li>Sie akzeptieren bitte auch, dass es f\u00fcr unsere neue Therapie \u00fcberhaupt keine vern\u00fcnftige Erkl\u00e4rung gibt, wie sie funktionieren k\u00f6nnte. Stattdessen sind Sie bitte zufrieden, wenn wir wortreich und phantasievoll von einer &#8222;Informationsmedizin&#8220;, &#8222;Reiztherapie&#8220; oder &#8222;Regulationsmedizin&#8220; sprechen.<\/li>\n<li>Bei den \u00c4rztekammern und den Krankenkassen m\u00fcssten Sie dahingehend t\u00e4tig werden, dass diese das Gebot, nur notwendige, zweckm\u00e4\u00dfige und wirtschaftliche Leistungen zu \u00fcbernehmen, nicht so ernst nehmen.<\/li>\n<\/ul>\n<p>Glauben Sie, Herr Dr. Brauksiepe, dass eine solche neue Therapie in unserem Gesundheitssystem gebraucht w\u00fcrde oder auch nur w\u00fcnschenswert w\u00e4re? W\u00fcrden Sie es als Patientenbeauftragter der Bundesregierung wirklich sinnvoll finden, eine solche Therapie in das Gesundheitswesen einzuf\u00fchren?<\/p>\n<p>Was wir oben beschrieben haben, sind aber genau die Charakteristika dessen, wie sich die Hom\u00f6opathie heute darstellt. Eine Einsch\u00e4tzung, die weltweit von Wissenschaftlern, wissenschaftlichen Gremien und verantwortlichen staatlichen Stellen geteilt wird. Deshalb ist es auch mehr als nur eine Tendenz, dass zunehmend die Hom\u00f6opathie aus \u00f6ffentlichen Gesundheitssystemen entfernt wird.<\/p>\n<p>Wir bitten Sie daher um Ihre Unterst\u00fctzung dabei, zum Wohle der Patientinnen und Patienten die Hom\u00f6opathie als das bekannt zu machen, was sie ist: Eine Scheintherapie aus dem ausgehenden 18. Jahrhundert, an der die Entwicklung der Medizin und der Naturwissenschaften ab der zweiten H\u00e4lfte des 19. Jahrhunderts spurlos vor\u00fcbergegangen ist und die heute nur noch einen medizinhistorischen Anachronismus darstellt.<\/p>\n<p>Mit freundlichen Gr\u00fc\u00dfen<\/p>\n<p>Die Verfasser:<\/p>\n<p>Dr.-Ing. Norbert Aust, INH, Schopfheim<br \/>\nUdo Endruscheit, INH, Essen<\/p>\n<p>Unterzeichner (alphabetisch)<\/p>\n\n<table id=\"tablepress-32\" class=\"tablepress tablepress-id-32\">\n<tbody class=\"row-hover\">\n<tr class=\"row-1 odd\">\n\t<td class=\"column-1\">Prof. Dr. Manfred Anlauf, Bremerhaven<\/td><td class=\"column-2\">Dr.-Ing. Dipl. Phys. Philippe Leick, Gerlingen<\/td>\n<\/tr>\n<tr class=\"row-2 even\">\n\t<td class=\"column-1\">Susanne Aust, Schopfheim<\/td><td class=\"column-2\">Dr. med. Christian W. L\u00fcbbers, Weilheim<\/td>\n<\/tr>\n<tr class=\"row-3 odd\">\n\t<td class=\"column-1\">Prof. Dr. Michael Bach, Freiburg<\/td><td class=\"column-2\">Dr. Martin Mahner, Ro\u00dfdorf<\/td>\n<\/tr>\n<tr class=\"row-4 even\">\n\t<td class=\"column-1\">Lydia Benecke, K\u00f6ln<\/td><td class=\"column-2\">MUDr. Viliam Masaryk, Gera<\/td>\n<\/tr>\n<tr class=\"row-5 odd\">\n\t<td class=\"column-1\">Prof. Dr. Dr. Ulrich Berger, Wien, \u00d6sterreich<\/td><td class=\"column-2\">Dr. med. Benedikt Matenaer, Bocholt<\/td>\n<\/tr>\n<tr class=\"row-6 even\">\n\t<td class=\"column-1\">Dr. med. dent Hans Werner Bertelsen, Bremen<\/td><td class=\"column-2\">Dr. med. Theodor Much, Wien, \u00d6sterreich<\/td>\n<\/tr>\n<tr class=\"row-7 odd\">\n\t<td class=\"column-1\">Prof. Dr. Christoph Bielitz, Leipzig<\/td><td class=\"column-2\">Dr. phil. Nikil Mukerji, M\u00fcnchen<\/td>\n<\/tr>\n<tr class=\"row-8 even\">\n\t<td class=\"column-1\">Prof. Dr. Peter Brugger, Z\u00fcrich, Schweiz<\/td><td class=\"column-2\">Dr. med. Dipl. Psych. Claudia Nowack, M\u00fcnster<\/td>\n<\/tr>\n<tr class=\"row-9 odd\">\n\t<td class=\"column-1\">Prof. em. Edzard Ernst, Cambridge \/ UK<\/td><td class=\"column-2\">Dipl. Phys. Ute Parsch, M\u00fcnchen<\/td>\n<\/tr>\n<tr class=\"row-10 even\">\n\t<td class=\"column-1\">Prof. Dr. Dittmar Graf, Gie\u00dfen<\/td><td class=\"column-2\">Dr. Rainer Rosenzweig, N\u00fcrnberg<\/td>\n<\/tr>\n<tr class=\"row-11 odd\">\n\t<td class=\"column-1\">Prof. Dr. med. Rudolf Happle, Freiburg<\/td><td class=\"column-2\">Holger v. Rybinski, M\u00fcnchen<\/td>\n<\/tr>\n<tr class=\"row-12 even\">\n\t<td class=\"column-1\">Chris Havel, Berlin<\/td><td class=\"column-2\">Amardeo Sarma, Ro\u00dfdorf<\/td>\n<\/tr>\n<tr class=\"row-13 odd\">\n\t<td class=\"column-1\">Enrico Helbig, Taunusstein<\/td><td class=\"column-2\">Prof. Dr. Norbert Schmacke, Bremen<\/td>\n<\/tr>\n<tr class=\"row-14 even\">\n\t<td class=\"column-1\">Prof. Dr. Wolfgang Hell, M\u00fcnster<\/td><td class=\"column-2\">Prof. Dr. Bettina Sch\u00f6ne-Seifert, M\u00fcnster<\/td>\n<\/tr>\n<tr class=\"row-15 odd\">\n\t<td class=\"column-1\">Elke Hergenr\u00f6ther, Hollfeld<\/td><td class=\"column-2\">Michael Scholz, Wertheim<\/td>\n<\/tr>\n<tr class=\"row-16 even\">\n\t<td class=\"column-1\">Prof. Dr. Dieter B. Herrmann, Berlin<\/td><td class=\"column-2\">Dr. med. Tilman Schwilk, Schramberg<\/td>\n<\/tr>\n<tr class=\"row-17 odd\">\n\t<td class=\"column-1\">Prof. Dr. Jutta H\u00fcbner, Jena<\/td><td class=\"column-2\">Prof. Dr. Beda Stadler, Zeneggen, Schweiz<\/td>\n<\/tr>\n<tr class=\"row-18 even\">\n\t<td class=\"column-1\">Udo Hilwerling, Paderborn<\/td><td class=\"column-2\">Dipl. Pharm. Viola Stuppe, M\u00fcnchen<\/td>\n<\/tr>\n<tr class=\"row-19 odd\">\n\t<td class=\"column-1\">Dr. med. Christian Keinki, Jena<\/td><td class=\"column-2\">Dipl. Biol. Ariane Ullrich, Zossen<\/td>\n<\/tr>\n<tr class=\"row-20 even\">\n\t<td class=\"column-1\">Prof. Dr. Johannes K\u00f6bberling, Wuppertal<\/td><td class=\"column-2\">Dr. med. Wolfgang Vahle, Paderborn<\/td>\n<\/tr>\n<tr class=\"row-21 odd\">\n\t<td class=\"column-1\">Dr. Susanne Kretschmann, Bretten<\/td><td class=\"column-2\">Prof. Dr. Dr. Gerhard Vollmer, Neuburg<\/td>\n<\/tr>\n<tr class=\"row-22 even\">\n\t<td class=\"column-1\">Prof. Dr. Martin Lambeck, Berlin<\/td><td class=\"column-2\">Dr. med. vet. Rolf Wagels, Hannover<\/td>\n<\/tr>\n<tr class=\"row-23 odd\">\n\t<td class=\"column-1\">apl. Prof. Dr. Christoph Lang, Erlangen<\/td><td class=\"column-2\">Prof. Dr. Barbro Walker, Berlin<\/td>\n<\/tr>\n<tr class=\"row-24 even\">\n\t<td class=\"column-1\">G\u00fcnter Lauinger, Ravensburg<\/td><td class=\"column-2\">Dr. rer. nat. Christian Weymayr, Herne<\/td>\n<\/tr>\n<tr class=\"row-25 odd\">\n\t<td class=\"column-1\"><\/td><td class=\"column-2\">Dr. habil. Rainer Wolf, W\u00fcrzburg<\/td>\n<\/tr>\n<\/tbody>\n<\/table>\n<!-- #tablepress-32 from cache -->\n","protected":false},"excerpt":{"rendered":"<p>Dass viele Politiker der Hom\u00f6opathie nahestehen, ist so bekannt wie unerfreulich. Wenn aber der Patientenbeauftragte der Bundesregierung dies offen zum Ausdruck bringt,\u00a0 hier in einer Gru\u00dfbotschaft an den Dachverband der Hom\u00f6opathenverb\u00e4nde, dann erscheint uns eine deutliche Antwort erforderlich.<\/p>\n","protected":false},"author":1,"featured_media":0,"comment_status":"open","ping_status":"open","sticky":false,"template":"","format":"standard","meta":[],"categories":[1,13],"tags":[],"_links":{"self":[{"href":"http:\/\/www.beweisaufnahme-homoeopathie.de\/index.php?rest_route=\/wp\/v2\/posts\/3646"}],"collection":[{"href":"http:\/\/www.beweisaufnahme-homoeopathie.de\/index.php?rest_route=\/wp\/v2\/posts"}],"about":[{"href":"http:\/\/www.beweisaufnahme-homoeopathie.de\/index.php?rest_route=\/wp\/v2\/types\/post"}],"author":[{"embeddable":true,"href":"http:\/\/www.beweisaufnahme-homoeopathie.de\/index.php?rest_route=\/wp\/v2\/users\/1"}],"replies":[{"embeddable":true,"href":"http:\/\/www.beweisaufnahme-homoeopathie.de\/index.php?rest_route=%2Fwp%2Fv2%2Fcomments&post=3646"}],"version-history":[{"count":8,"href":"http:\/\/www.beweisaufnahme-homoeopathie.de\/index.php?rest_route=\/wp\/v2\/posts\/3646\/revisions"}],"predecessor-version":[{"id":5431,"href":"http:\/\/www.beweisaufnahme-homoeopathie.de\/index.php?rest_route=\/wp\/v2\/posts\/3646\/revisions\/5431"}],"wp:attachment":[{"href":"http:\/\/www.beweisaufnahme-homoeopathie.de\/index.php?rest_route=%2Fwp%2Fv2%2Fmedia&parent=3646"}],"wp:term":[{"taxonomy":"category","embeddable":true,"href":"http:\/\/www.beweisaufnahme-homoeopathie.de\/index.php?rest_route=%2Fwp%2Fv2%2Fcategories&post=3646"},{"taxonomy":"post_tag","embeddable":true,"href":"http:\/\/www.beweisaufnahme-homoeopathie.de\/index.php?rest_route=%2Fwp%2Fv2%2Ftags&post=3646"}],"curies":[{"name":"wp","href":"https:\/\/api.w.org\/{rel}","templated":true}]}}